{"id":145,"date":"2014-09-27T14:23:00","date_gmt":"2014-09-27T14:23:00","guid":{"rendered":"http:\/\/epub-verlag.de\/wordpress\/?p=145"},"modified":"2021-11-17T14:24:26","modified_gmt":"2021-11-17T14:24:26","slug":"unterstuetzung-einer-kriminellen-vereinigung","status":"publish","type":"post","link":"https:\/\/epub-verlag.de\/wordpress\/politik\/unterstuetzung-einer-kriminellen-vereinigung\/","title":{"rendered":"Unterst\u00fctzung einer kriminellen Vereinigung"},"content":{"rendered":"\n<p><\/p>\n\n\n\n<p>Manchmal muss ich mich ein wenig mehr wundern als \u00fcblich. Da werden einerseits <a href=\"http:\/\/www.welt.de\/politik\/deutschland\/article132306014\/Regierung-verschaerft-Kinderporno-Gesetzentwurf.html\">Gesetze versch\u00e4rft<\/a> um \u201eGrauzonen\u201c wie sie der \u201e<a href=\"http:\/\/de.wikipedia.org\/wiki\/Sebastian_Edathy\">Fall Edathy<\/a>\u201c offengelegt hat zu schlie\u00dfen. Andererseits unterst\u00fctzt derselbe Staat, der sich hier als Tugendw\u00e4chter \u00fcber die Kameras und Smartphones seiner B\u00fcrger positioniert eine kriminelle Vereinigung, die systematisch \u00fcber Jahrzehnte Kinder missbraucht und misshandelt hat. Eine Sekte, die mit einer eigenen Bank das organisierte Verbrechen durch Geldw\u00e4sche unterst\u00fctzt und sich standhaft jeglicher Aufkl\u00e4rung und Schadensersatz wiedersetzt. Da werden Schuldige nicht bestraft, sondern nur versetzt, in der Hoffnung, dass schon keiner merkt, was f\u00fcr Vorlieben und welches Vorleben die T\u00e4ter haben und hatten. Diese Institution wird statt einem Verbot und Strafverfolgung, Luxusgeh\u00e4lter und Steuereinnahmen zugestanden. Es ist irgendwie verr\u00fcckt, das in anderen L\u00e4ndern wie Irland oder der USA bis zu 98% der ahnungslosen Mitglieder und Unterst\u00fctzer dieser Institution den R\u00fccken gekehrt haben, in Deutschland jedoch ein weitere Luxus Immobilie mehr Austritte zu Folge hatten als Kinderheime in denen 25 Jahre lang Schutzbefohlene systematisch misshandelt und missbraucht wurden. Doch hierzulande bleibt eine Debatte darum aus. Ein paar Journalisten interessieren sich, es gibt hervorragende Reportagen \u00fcber die Hintergr\u00fcnde und die Verstrickung h\u00f6chster Kreise dieser Vereinigung in diese kriminellen Vorg\u00e4nge, doch eine Reaktion der breiten Masse bleibt aus. Es wird nur \u201eVerj\u00e4hrung\u201c genuschelt, als sei die Tatsache, dass die meisten F\u00e4lle schon l\u00e4nger her sind ein Zeichen der Besserung. Sie werden l\u00e4ngst bemerkt haben, wen ich hier meine, die katholische Kirche. In einer Zeit in der immer weniger Menschen mit den Amtskirchen etwas zu tun haben wollen werden die meisten mir mit den Schultern zucken und sich denken, \u201ewas geht mich das an.\u201c Doch das ist falsch! Ich bin immer wieder erstaunt, wie weit die Indoktrinierung dieser Vereinigung immer noch geht. Da werden Kinder zum Schulbeginn in die Kirche geschleift und haben in der Grundschule zwei Stunden Religion in der Woche! Wer hat das eigentlich veranlasst? Als ich in die Schule kam hatten wir grade mal eine Wochenstunde und die fiel meistens aus. Alles in allem hatte ich in zehn Jahren Basisschule grade mal 5 Jahre lang jeweils eine Stunde Religion. Selbst das war deutlich zu viel, es hatten sich jede Menge seltsamer Moralvorstellungen in meinen Geist eingeschlichen. Aber davon abgesehen was man von den Lehrern h\u00e4lt, ist es eine Tatsache, dass weite Teile dieser \u201eKirche\u201c durch einen abstrusen und der menschlichen Natur nicht gerecht werdenden Kodex namens \u201eZ\u00f6libat\u201c ein Sammelbecken f\u00fcr Sexuell desorientierte Menschen ist. Das ist leicht nach zu vollziehen. Wenn ich sexuelle Obsessionen habe die mit meiner \u201ekatholischen\u201c Erziehung kollidieren, dann gibt es f\u00fcr mich nur zwei Wege damit umzugehen. Entweder f\u00fchle ich mich schuldig, oder ich versuche meine Sexualit\u00e4t zu unterdr\u00fccken. Ein l\u00f6blicher Ansatz, der nur leider in der Praxis nicht funktioniert. Ich will hier nicht generalisieren, es kann durchaus sein, das es Z\u00f6libat\u00e4r lebende Menschen gibt, die es schaffen ihre Treibe zu beherrschen, doch das ist eher die Ausnahme als die Regel. Im Grunde ist es wie bei der Selbstbefriedigung. Nahezu&nbsp; jeder, besonders junge M\u00e4nner, tun es, wie die moderne Sexualforschung zeigt. Der Trieb ist st\u00e4rker als jede Angst sein Augenlicht zu verlieren, oder was die Kirche sonst noch so erfunden hat um Onanie zu diskreditieren. Sind Priester bessere Menschen, die ihren Sexualtrieb unter Kontrolle haben? Nein nat\u00fcrlich nicht, das sagt uns schon der gesunde Menschenverstand und die Skandale, die jetzt immer wieder Aufgedeckt werden, beweisen es. Ich halte es daher f\u00fcr gef\u00e4hrlich Kinder in die N\u00e4he eines z\u00f6libat\u00e4r lebenden Menschen zu bringen. Ich halte es sogar f\u00fcr skandal\u00f6s, dass dieser Vereinigung Steuergelder zur Verf\u00fcgung gestellt werden und Kinder zugef\u00fchrt werden ohne jede gesellschaftliche Diskussion. Nur weil vor ein paar hundert Jahren der damalige Staat einen Vertrag mit der Kirche geschlossen hat, ist es nicht hinzunehmen, das dieser an keinerlei Bedingungen gekn\u00fcpft ist. Warum wird bei jedem Computernutzer und Smartphone Fotografen genau hingesehen, alle muslemischen Gemeinden auf IS Unterst\u00fctzer abgeklopft und dabei die Verantwortung des Staats f\u00fcr die schw\u00e4chsten, unsere Kinder, herausgestellt. Aber die Katholiken d\u00fcrfen staatlich unterst\u00fctzt weitermachen wie bisher! F\u00fcr mich ist das staatliche Unterst\u00fctzung f\u00fcr eine kriminelle Vereinigung und nichts anderes.<\/p>\n","protected":false},"excerpt":{"rendered":"<p>Manchmal muss ich mich ein wenig mehr wundern als \u00fcblich. Da werden einerseits Gesetze versch\u00e4rft um \u201eGrauzonen\u201c wie sie der \u201eFall Edathy\u201c offengelegt hat zu &hellip; <\/p>\n","protected":false},"author":2,"featured_media":0,"comment_status":"open","ping_status":"open","sticky":false,"template":"","format":"standard","meta":{"footnotes":""},"categories":[10,8,9],"tags":[],"class_list":["post-145","post","type-post","status-publish","format-standard","hentry","category-gesellschaft","category-politik","category-religion"],"_links":{"self":[{"href":"https:\/\/epub-verlag.de\/wordpress\/wp-json\/wp\/v2\/posts\/145","targetHints":{"allow":["GET"]}}],"collection":[{"href":"https:\/\/epub-verlag.de\/wordpress\/wp-json\/wp\/v2\/posts"}],"about":[{"href":"https:\/\/epub-verlag.de\/wordpress\/wp-json\/wp\/v2\/types\/post"}],"author":[{"embeddable":true,"href":"https:\/\/epub-verlag.de\/wordpress\/wp-json\/wp\/v2\/users\/2"}],"replies":[{"embeddable":true,"href":"https:\/\/epub-verlag.de\/wordpress\/wp-json\/wp\/v2\/comments?post=145"}],"version-history":[{"count":1,"href":"https:\/\/epub-verlag.de\/wordpress\/wp-json\/wp\/v2\/posts\/145\/revisions"}],"predecessor-version":[{"id":146,"href":"https:\/\/epub-verlag.de\/wordpress\/wp-json\/wp\/v2\/posts\/145\/revisions\/146"}],"wp:attachment":[{"href":"https:\/\/epub-verlag.de\/wordpress\/wp-json\/wp\/v2\/media?parent=145"}],"wp:term":[{"taxonomy":"category","embeddable":true,"href":"https:\/\/epub-verlag.de\/wordpress\/wp-json\/wp\/v2\/categories?post=145"},{"taxonomy":"post_tag","embeddable":true,"href":"https:\/\/epub-verlag.de\/wordpress\/wp-json\/wp\/v2\/tags?post=145"}],"curies":[{"name":"wp","href":"https:\/\/api.w.org\/{rel}","templated":true}]}}