{"id":149,"date":"2013-12-07T14:35:00","date_gmt":"2013-12-07T14:35:00","guid":{"rendered":"http:\/\/epub-verlag.de\/wordpress\/?p=149"},"modified":"2021-11-17T14:45:43","modified_gmt":"2021-11-17T14:45:43","slug":"schwarze-messen-und-lokalreporter","status":"publish","type":"post","link":"https:\/\/epub-verlag.de\/wordpress\/gesellschaft\/schwarze-messen-und-lokalreporter\/","title":{"rendered":"Schwarze Messen und Lokalreporter"},"content":{"rendered":"\n<p><\/p>\n\n\n\n<p>Die Offenbach Post meldet am 06.12.2013 die Impressionen eines Kultur Redakteures zum Konzert von Black Sabbath in der Festhalle, \u201e<a href=\"http:\/\/www.op-online.de\/freizeit\/musik\/ozzy-osbourne-black-sabbath-metal-messe-festhalle-frankfurt-3258314.html\">So lange der dicke Mann noch singt, hat der Exorzismus nicht fertig.<\/a>\u201c&nbsp; HaHaHa, klasse dieser Zeitgeist dem sich der Redakteur unterwirft und seine Sprachakrobatik ist daf\u00fcr bezeichnend. Folgt man Ihm, dann d\u00fcrfen S\u00e4nger ab 45 keine B\u00fchne mehr betreten. Ich war auch da und fand die Perfektion des Quartetts einfach umwerfend. Einen Tag nach Ozzy Osbornes 65. Geburtstag war das eine reife Leistung, von der ein Gro\u00dfteil des Publikums sich eine Scheibe h\u00e4tte abschneiden k\u00f6nnen. Die Herren und Damen in meinem Alter waren grade noch so in der Lage so lange zu stehen und bei dem unvermeidlichen Zugabe Ritual reichte es grade noch zu einer, dann war das Publikum, und nicht die Band, platt. Der Offenbach Post Reporter sollte sich mal vergegenw\u00e4rtigen was es f\u00fcr Mitte bis Ende Sechzigj\u00e4hrige hei\u00dft eine solche Show durchzustehen. Das f\u00e4ngt schon bei der Leistungsf\u00e4higkeit der Prostata an. Ist sonst niemandem aufgefallen wie gut die drei alten M\u00e4nner in Schuss waren? Die hatten noch fast alle Ihre Haare, Ihr BMI war nicht au\u00dfer Kontrolle geraten und Handwerklich war das Konzert einfach umwerfend. Auch wenn die Stimme Ozzys seines Alters entsprechend nicht mehr alle H\u00f6hen der Jungend erreichte, so hat er keinen einzigen Einsatz verpasst und sich nahtlos in die perfekte Vorstellung seiner Bandgenossen eingereiht.<\/p>\n\n\n\n<p>Hand aufs Herz, niemand auf dieser Welt h\u00e4tte diese St\u00fccke besser vortragen k\u00f6nnen. Das war Black Sabbath und f\u00fcr den Mut St\u00fccke wie \u201eInto the Void\u201c mit \u201eAge of Reason\u201c in einer Show zu mischen zolle ich h\u00f6chsten Respekt.<\/p>\n\n\n\n<p>Folgt man dem was unser Autor Mehdi Martens \u00fcber Energie sagt, dann gibt es wirklich eine fast schwarzmagische Erkl\u00e4rung daf\u00fcr. Die Anbetung durch die Massen scheint genug Energie freizusetzten das selbst ein Drogenwrack wie Ozzy zu einem veritablen S\u00e4nger Mutiert. Die eigentliche Leistung dabei ist es, mit dieser Energie richtig umzugehen. Sie f\u00fcr jugendlichen Elan bei der B\u00fchnenshow zu verwenden ist dabei bestimmt der richtige Weg, Drogen als Antipol zu verwenden und fr\u00fch zu sterben definitiv der Falsche.<\/p>\n\n\n\n<p>Daher komme ich nicht umhin diesen Auftritt zu bewundern und mir und dem restlichen Publikum zu w\u00fcnschen, dass wir in der Lage sind mit unserer Energie genauso gut zu haushalten. Dann sehen wir uns auch in 20 Jahren noch bei irgendwelchen Konzerten, statt im Altenheim.<\/p>\n","protected":false},"excerpt":{"rendered":"<p>Die Offenbach Post meldet am 06.12.2013 die Impressionen eines Kultur Redakteures zum Konzert von Black Sabbath in der Festhalle, \u201eSo lange der dicke Mann noch &hellip; <\/p>\n","protected":false},"author":2,"featured_media":151,"comment_status":"open","ping_status":"open","sticky":false,"template":"","format":"standard","meta":{"footnotes":""},"categories":[10,12],"tags":[],"class_list":["post-149","post","type-post","status-publish","format-standard","has-post-thumbnail","hentry","category-gesellschaft","category-musik"],"_links":{"self":[{"href":"https:\/\/epub-verlag.de\/wordpress\/wp-json\/wp\/v2\/posts\/149","targetHints":{"allow":["GET"]}}],"collection":[{"href":"https:\/\/epub-verlag.de\/wordpress\/wp-json\/wp\/v2\/posts"}],"about":[{"href":"https:\/\/epub-verlag.de\/wordpress\/wp-json\/wp\/v2\/types\/post"}],"author":[{"embeddable":true,"href":"https:\/\/epub-verlag.de\/wordpress\/wp-json\/wp\/v2\/users\/2"}],"replies":[{"embeddable":true,"href":"https:\/\/epub-verlag.de\/wordpress\/wp-json\/wp\/v2\/comments?post=149"}],"version-history":[{"count":1,"href":"https:\/\/epub-verlag.de\/wordpress\/wp-json\/wp\/v2\/posts\/149\/revisions"}],"predecessor-version":[{"id":150,"href":"https:\/\/epub-verlag.de\/wordpress\/wp-json\/wp\/v2\/posts\/149\/revisions\/150"}],"wp:featuredmedia":[{"embeddable":true,"href":"https:\/\/epub-verlag.de\/wordpress\/wp-json\/wp\/v2\/media\/151"}],"wp:attachment":[{"href":"https:\/\/epub-verlag.de\/wordpress\/wp-json\/wp\/v2\/media?parent=149"}],"wp:term":[{"taxonomy":"category","embeddable":true,"href":"https:\/\/epub-verlag.de\/wordpress\/wp-json\/wp\/v2\/categories?post=149"},{"taxonomy":"post_tag","embeddable":true,"href":"https:\/\/epub-verlag.de\/wordpress\/wp-json\/wp\/v2\/tags?post=149"}],"curies":[{"name":"wp","href":"https:\/\/api.w.org\/{rel}","templated":true}]}}